{"id":2329,"date":"2024-12-19T20:53:04","date_gmt":"2024-12-19T18:53:04","guid":{"rendered":"https:\/\/latorredelcodina.com\/?p=2329"},"modified":"2024-12-19T20:53:04","modified_gmt":"2024-12-19T18:53:04","slug":"la-mona-de-pasqua","status":"publish","type":"post","link":"https:\/\/latorredelcodina.com\/en\/la-mona-de-pasqua\/","title":{"rendered":"La Mona de Pasqua"},"content":{"rendered":"<p><iframe loading=\"lazy\" title=\"YouTube video player\" src=\"https:\/\/www.youtube.com\/embed\/WPSONK3rJAQ?si=YRJvAwkRr8JJ5U5p\" width=\"560\" height=\"315\" frameborder=\"0\" allowfullscreen=\"allowfullscreen\"><\/iframe><\/p>\n<figure id=\"attachment_2330\" aria-describedby=\"caption-attachment-2330\" style=\"width: 600px\" class=\"wp-caption alignnone\"><img loading=\"lazy\" decoding=\"async\" class=\"size-medium wp-image-2330\" src=\"https:\/\/latorredelcodina.com\/wp-content\/uploads\/La-Mona-de-Pasqua-600x405.webp\" alt=\"La Mona de Pasqua.\" width=\"600\" height=\"405\" srcset=\"https:\/\/latorredelcodina.com\/wp-content\/uploads\/La-Mona-de-Pasqua-600x405.webp 600w, https:\/\/latorredelcodina.com\/wp-content\/uploads\/La-Mona-de-Pasqua-768x518.webp 768w, https:\/\/latorredelcodina.com\/wp-content\/uploads\/La-Mona-de-Pasqua.webp 800w\" sizes=\"auto, (max-width: 600px) 100vw, 600px\" \/><figcaption id=\"caption-attachment-2330\" class=\"wp-caption-text\">La Mona de Pasqua.<\/figcaption><\/figure>\n<p>La paraula \u201cmona\u201d que es designa al pastis de pasqua, ve del Llat\u00ed \u201cmunda\u201d\u00a0\u200e(\u00absafata guarnida amb pastes que s\u2019oferien a la deessa Ceres\u00bb), plural neutre de\u00a0<em>mundus\u00a0<\/em>o tamb\u00e9 podria venir de l\u2019\u00e0rab antic\u00a0<em>m\u016bna<\/em>\u00a0(\u00abpresent o regal consistent en provisions de boca\u00bb). El diumenge de Resurrecci\u00f3, les padrines i els padrins, obsequien amb aquest dol\u00e7 a les seves filloles i fillols.<\/p>\n<p><img loading=\"lazy\" decoding=\"async\" class=\"alignnone size-medium wp-image-2334\" src=\"https:\/\/latorredelcodina.com\/wp-content\/uploads\/Mona-714x1024-1-418x600.webp\" alt=\"Mona.\" width=\"418\" height=\"600\" srcset=\"https:\/\/latorredelcodina.com\/wp-content\/uploads\/Mona-714x1024-1-418x600.webp 418w, https:\/\/latorredelcodina.com\/wp-content\/uploads\/Mona-714x1024-1-600x861.webp 600w, https:\/\/latorredelcodina.com\/wp-content\/uploads\/Mona-714x1024-1.webp 714w\" sizes=\"auto, (max-width: 418px) 100vw, 418px\" \/><\/p>\n<p>A casa nostra, dins l\u2019\u00e0mbit ling\u00fc\u00edstic del catal\u00e0, el past\u00eds de Pasqua, rep molts altres noms segons quin sigui l\u2019indret geogr\u00e0fic on es localitzi. Nom\u00e9s al Pa\u00eds valenci\u00e0 la mona de pasqua rep el nom de : Coca d\u2019aire, panou, pa d\u2019ou, pa d\u2019aire, fogasseta, pa socarrat, pa cremat, fogassa, tonya, prim, prima, rosca o coca bova. Molts d\u2019aquests noms correspondrien als que aqu\u00ed coneixem com a c\u00f3c dol\u00e7 o b\u00e9 pa de pessic. Hi ha altres productes dol\u00e7os, t\u00edpics de setmana santa com s\u00f3n els bunyols o brunyols, el fla\u00f3 de Morella, el tortell de Rams, la llet fregida, les rostes, o b\u00e9 els confits, els rubiols i els crespells de Mallorca.<\/p>\n<p>&nbsp;<\/p>\n<p><strong><em>Ingredients pel pa de pessic de la Mona<\/em><\/strong><\/p>\n<p><em>\u00a0<\/em><\/p>\n<p>5 ous<\/p>\n<p>120 gr. de farina.<\/p>\n<p>200 gr. de sucre<\/p>\n<p>Un pols de sal<\/p>\n<p>Sucre glac\u00e9.<\/p>\n<figure id=\"attachment_2338\" aria-describedby=\"caption-attachment-2338\" style=\"width: 600px\" class=\"wp-caption alignnone\"><img loading=\"lazy\" decoding=\"async\" class=\"size-medium wp-image-2338\" src=\"https:\/\/latorredelcodina.com\/wp-content\/uploads\/La-Mona-de-Pasqua-2-600x446.webp\" alt=\"La Mona de Pasqua.\" width=\"600\" height=\"446\" srcset=\"https:\/\/latorredelcodina.com\/wp-content\/uploads\/La-Mona-de-Pasqua-2-600x446.webp 600w, https:\/\/latorredelcodina.com\/wp-content\/uploads\/La-Mona-de-Pasqua-2-768x571.webp 768w, https:\/\/latorredelcodina.com\/wp-content\/uploads\/La-Mona-de-Pasqua-2.webp 800w\" sizes=\"auto, (max-width: 600px) 100vw, 600px\" \/><figcaption id=\"caption-attachment-2338\" class=\"wp-caption-text\">La Mona de Pasqua.<\/figcaption><\/figure>\n<p>Ho farcirem i ho guarnirem al gust de cadasc\u00fa, amb mantega, fruita confitada, ametlla torrada trossejada, melmelada, licor dol\u00e7, xocolata\u2026\u2026<\/p>\n<p>&nbsp;<\/p>\n<p>Bon profit!<\/p>\n<p>&nbsp;<\/p>\n<div class=\"post-3665 post type-post status-publish format-standard has-post-thumbnail hentry category-la-torre-del-codina-ca\">\n<div class=\"post-inner\">\n<div class=\"entry-content\">\n<p><em>Jaume Ramon Sol\u00e9.<\/em><\/p>\n<\/div>\n<\/div>\n<\/div>\n","protected":false},"excerpt":{"rendered":"<p>La paraula \u201cmona\u201d que es designa al pastis de pasqua, ve del Llat\u00ed \u201cmunda\u201d\u00a0\u200e(\u00absafata guarnida amb pastes que s\u2019oferien a la deessa Ceres\u00bb), plural neutre de\u00a0mundus\u00a0o tamb\u00e9 podria venir de l\u2019\u00e0rab antic\u00a0m\u016bna\u00a0(\u00abpresent o regal consistent en provisions de boca\u00bb). El diumenge de Resurrecci\u00f3, les padrines i els padrins, obsequien amb aquest dol\u00e7 a les seves [&hellip;]<\/p>\n","protected":false},"author":3,"featured_media":2330,"comment_status":"closed","ping_status":"closed","sticky":false,"template":"","format":"standard","meta":{"_acf_changed":false,"footnotes":""},"categories":[41],"tags":[],"class_list":["post-2329","post","type-post","status-publish","format-standard","has-post-thumbnail","hentry","category-blog-sostenibilitat-rural"],"acf":[],"_links":{"self":[{"href":"https:\/\/latorredelcodina.com\/en\/wp-json\/wp\/v2\/posts\/2329","targetHints":{"allow":["GET"]}}],"collection":[{"href":"https:\/\/latorredelcodina.com\/en\/wp-json\/wp\/v2\/posts"}],"about":[{"href":"https:\/\/latorredelcodina.com\/en\/wp-json\/wp\/v2\/types\/post"}],"author":[{"embeddable":true,"href":"https:\/\/latorredelcodina.com\/en\/wp-json\/wp\/v2\/users\/3"}],"replies":[{"embeddable":true,"href":"https:\/\/latorredelcodina.com\/en\/wp-json\/wp\/v2\/comments?post=2329"}],"version-history":[{"count":1,"href":"https:\/\/latorredelcodina.com\/en\/wp-json\/wp\/v2\/posts\/2329\/revisions"}],"predecessor-version":[{"id":2342,"href":"https:\/\/latorredelcodina.com\/en\/wp-json\/wp\/v2\/posts\/2329\/revisions\/2342"}],"wp:featuredmedia":[{"embeddable":true,"href":"https:\/\/latorredelcodina.com\/en\/wp-json\/wp\/v2\/media\/2330"}],"wp:attachment":[{"href":"https:\/\/latorredelcodina.com\/en\/wp-json\/wp\/v2\/media?parent=2329"}],"wp:term":[{"taxonomy":"category","embeddable":true,"href":"https:\/\/latorredelcodina.com\/en\/wp-json\/wp\/v2\/categories?post=2329"},{"taxonomy":"post_tag","embeddable":true,"href":"https:\/\/latorredelcodina.com\/en\/wp-json\/wp\/v2\/tags?post=2329"}],"curies":[{"name":"wp","href":"https:\/\/api.w.org\/{rel}","templated":true}]}}