{"id":2397,"date":"2024-12-19T21:24:15","date_gmt":"2024-12-19T19:24:15","guid":{"rendered":"https:\/\/latorredelcodina.com\/?p=2397"},"modified":"2024-12-19T21:24:15","modified_gmt":"2024-12-19T19:24:15","slug":"els-ocells-de-la-torre-del-codina-capitol-2-el-xoriguer","status":"publish","type":"post","link":"https:\/\/latorredelcodina.com\/en\/els-ocells-de-la-torre-del-codina-capitol-2-el-xoriguer\/","title":{"rendered":"Els ocells de la Torre del Codina, Cap\u00edtol 2: El xoriguer"},"content":{"rendered":"<p>El xoriguer o soriguer,\u00a0<em>Falco tinnunculus<\/em>\u00a0de la fam\u00edlia dels\u00a0<em>Falc\u00f2nids<\/em>,\u00a0<strong>\u00e9s una au rapinyare di\u00fcrna. \u00c9s lleugera i de dimensions redu\u00efdes<\/strong>\u00a0que li permet volar amb una gran agilitat. El mascle, t\u00e9 el cap de color grisenc i per sobre \u00e9s d\u2019un color marron\u00f3s amb unes taques negres caracter\u00edstiques. La femella \u00e9s mes rogenca i tota tacada per tot arreu. Es distingeix del xoriguer petit pel fet de tenir les potes grogues.<\/p>\n<figure id=\"attachment_2398\" aria-describedby=\"caption-attachment-2398\" style=\"width: 600px\" class=\"wp-caption alignnone\"><img loading=\"lazy\" decoding=\"async\" class=\"size-medium wp-image-2398\" src=\"https:\/\/latorredelcodina.com\/wp-content\/uploads\/La-Torre-del-Codina-Ocells_cap2_02-600x436.webp\" alt=\"El xoriguer.\" width=\"600\" height=\"436\" srcset=\"https:\/\/latorredelcodina.com\/wp-content\/uploads\/La-Torre-del-Codina-Ocells_cap2_02-600x436.webp 600w, https:\/\/latorredelcodina.com\/wp-content\/uploads\/La-Torre-del-Codina-Ocells_cap2_02-768x558.webp 768w, https:\/\/latorredelcodina.com\/wp-content\/uploads\/La-Torre-del-Codina-Ocells_cap2_02.webp 800w\" sizes=\"auto, (max-width: 600px) 100vw, 600px\" \/><figcaption id=\"caption-attachment-2398\" class=\"wp-caption-text\">El xoriguer.<\/figcaption><\/figure>\n<p>S\u2019alimenta de petits r\u00e8ptils, mam\u00edfers, ocells, llagostos i d\u2019altres invertebrats. Com molts dels falcons\u00a0<strong>\u00e9s capa\u00e7 de fer l\u2019<em>aleta<\/em>, volant imm\u00f2bil en l\u2019aire movent r\u00e0pidament les ales i observant el terra per veure si es mou alguna presa.<\/strong><\/p>\n<p>&nbsp;<\/p>\n<p>Curiosament, l\u2019etimologia del nom prov\u00e9 del llat\u00ed\u00a0<em>soricar\u012du<\/em>, derivat de\u00a0<em>sorex<\/em>, \u2018rata\u2019, perqu\u00e8 l\u2019esparver s\u2019alimenta de rates. En aquest cas, la graf\u00eda incorrecta \u201csoriguer\u201d, estar\u00eda m\u00e9s aprop del llat\u00ed que la grafia correcta \u201cxoriguer\u201d. Coses de la ling\u00fc\u00edstica.<\/p>\n<figure id=\"attachment_2402\" aria-describedby=\"caption-attachment-2402\" style=\"width: 600px\" class=\"wp-caption alignnone\"><img loading=\"lazy\" decoding=\"async\" class=\"size-medium wp-image-2402\" src=\"https:\/\/latorredelcodina.com\/wp-content\/uploads\/La-Torre-del-Codina-Ocells_cap2_03-600x401.webp\" alt=\"El xoriguer.\" width=\"600\" height=\"401\" srcset=\"https:\/\/latorredelcodina.com\/wp-content\/uploads\/La-Torre-del-Codina-Ocells_cap2_03-600x401.webp 600w, https:\/\/latorredelcodina.com\/wp-content\/uploads\/La-Torre-del-Codina-Ocells_cap2_03-768x513.webp 768w, https:\/\/latorredelcodina.com\/wp-content\/uploads\/La-Torre-del-Codina-Ocells_cap2_03.webp 800w\" sizes=\"auto, (max-width: 600px) 100vw, 600px\" \/><figcaption id=\"caption-attachment-2402\" class=\"wp-caption-text\">El xoriguer.<\/figcaption><\/figure>\n<p>A casa nostra els coneixem tamb\u00e9, amb el nom com\u00fa d\u2019<strong>esparver<\/strong>. En els darrers temps la poblaci\u00f3 ha entrat en declivi, i en el cas del\u00a0<strong>xoriguer petit<\/strong>\u00a0la poblaci\u00f3 catalana\u00a0<strong>\u00e9s molt redu\u00efda i vulnerable.<\/strong><\/p>\n<p>&nbsp;<\/p>\n<p>La causa de la caiguda de la seva poblaci\u00f3, \u00e9s provocada per les\u00a0<strong>males pr\u00e0ctiques d\u2019alguns operadors de l\u2019agricultura extensiva<\/strong>, que\u00a0<strong>eliminen els h\u00e0bitats<\/strong>\u00a0on els ocells poden viure i alimentar-se. Les seves preses naturals, necessiten\u00a0<strong>els espais erms o agroforestals, de marges i de vorades entre finques<\/strong>. Aquests\u00a0<strong>espais i marges de pedra seca<\/strong>, s\u00f3n el refugi d\u2019una biodiversitat vegetal i animal b\u00e0sica i\u00a0<strong>imprescindible per a la seva superviv\u00e8ncia<\/strong>. Quan aquesta s\u2019elimina o s\u2019altera f\u00edsicament, amb\u00a0<strong>desmunts i moviments de terres<\/strong>, o b\u00e9 son tractades amb\u00a0<strong>herbicides i pesticides<\/strong>, es perd tot vestigi de vida en l\u2019entorn i\u00a0<strong>es condemna a mort la totalitat del nostre patrimoni natural.<\/strong><\/p>\n<figure id=\"attachment_2406\" aria-describedby=\"caption-attachment-2406\" style=\"width: 600px\" class=\"wp-caption alignnone\"><img loading=\"lazy\" decoding=\"async\" class=\"size-medium wp-image-2406\" src=\"https:\/\/latorredelcodina.com\/wp-content\/uploads\/La-Torre-del-Codina-Ocells_cap2_04-600x497.webp\" alt=\"El xoriguer.\" width=\"600\" height=\"497\" srcset=\"https:\/\/latorredelcodina.com\/wp-content\/uploads\/La-Torre-del-Codina-Ocells_cap2_04-600x497.webp 600w, https:\/\/latorredelcodina.com\/wp-content\/uploads\/La-Torre-del-Codina-Ocells_cap2_04-768x636.webp 768w, https:\/\/latorredelcodina.com\/wp-content\/uploads\/La-Torre-del-Codina-Ocells_cap2_04.webp 800w\" sizes=\"auto, (max-width: 600px) 100vw, 600px\" \/><figcaption id=\"caption-attachment-2406\" class=\"wp-caption-text\">El xoriguer.<\/figcaption><\/figure>\n<p>Per tal d\u2019evitar el declivi de la poblaci\u00f3 del xoriguer com\u00fa, des l\u2019<strong><a href=\"http:\/\/mediambient.gencat.cat\/ca\/05_ambits_dactuacio\/patrimoni_natural\/\" target=\"_blank\" rel=\"noopener\">\u00c0rea de Biodiversitat i Medi Natural del Departament de Territori i Sostenibilitat de la Generalitat de Catalunya<\/a><\/strong>\u00a0es realitza anualment una campanya d\u2019introducci\u00f3 en el medi de xorigers mitjan\u00e7ant\u00a0<strong>la t\u00e9cnica de hacking que simula l\u2019alimentaci\u00f3 en els nius de les cries de xoriguer i amb la qual La Torre del Codina hi col.labora activament.<\/strong><\/p>\n<figure id=\"attachment_2410\" aria-describedby=\"caption-attachment-2410\" style=\"width: 600px\" class=\"wp-caption alignnone\"><img loading=\"lazy\" decoding=\"async\" class=\"size-medium wp-image-2410\" src=\"https:\/\/latorredelcodina.com\/wp-content\/uploads\/La-Torre-del-Codina-Ocells_cap2_05-600x450.webp\" alt=\"El xoriguer.\" width=\"600\" height=\"450\" srcset=\"https:\/\/latorredelcodina.com\/wp-content\/uploads\/La-Torre-del-Codina-Ocells_cap2_05-600x450.webp 600w, https:\/\/latorredelcodina.com\/wp-content\/uploads\/La-Torre-del-Codina-Ocells_cap2_05-768x576.webp 768w, https:\/\/latorredelcodina.com\/wp-content\/uploads\/La-Torre-del-Codina-Ocells_cap2_05.webp 800w\" sizes=\"auto, (max-width: 600px) 100vw, 600px\" \/><figcaption id=\"caption-attachment-2410\" class=\"wp-caption-text\">El xoriguer.<\/figcaption><\/figure>\n<p>Des de l\u2019any 2017 hem criat i introdu\u00eft a la Torre del Codina una dotzena d\u2019exemplars de xoriguer com\u00fa.\u00a0<strong>El sistema de cria dels polls s\u2019anomena \u201chacking\u201d<\/strong>, i es realitza en un niu on,\u00a0<strong>se\u2019ls hi va subministrant el menjar cada dia des del principi, fins quan ja s\u2019espavilen sols.<\/strong>\u00a0Normalment tot i espavilar-se, sovint veiem com peri\u00f2dicament ens visiten a la casa per veure si encara hi ha menjar al lloc on se\u2019ls va criar.<\/p>\n<p>&nbsp;<\/p>\n<p>Una an\u00e8cdota curiosa \u00e9s que quan, a finals de maig de l\u2019any 2018, vam fer el \u201chacking\u201d de nous polls, els xoriguers ja adults que hav\u00edem alimentat l\u2019any anterior, van apar\u00e8ixer a menjar-se l\u2019aliment que deixavem als petits. Tanmateix la companyia dels adults, va ser positiva, perqu\u00e8\u00a0<strong>van estar durant tot el per\u00edode atents al desenvolupament dels m\u00e9s petits.<\/strong><\/p>\n<figure id=\"attachment_2414\" aria-describedby=\"caption-attachment-2414\" style=\"width: 600px\" class=\"wp-caption alignnone\"><img loading=\"lazy\" decoding=\"async\" class=\"size-medium wp-image-2414\" src=\"https:\/\/latorredelcodina.com\/wp-content\/uploads\/La-Torre-del-Codina-Ocells_cap2_06-600x513.webp\" alt=\"El xoriguer.\" width=\"600\" height=\"513\" srcset=\"https:\/\/latorredelcodina.com\/wp-content\/uploads\/La-Torre-del-Codina-Ocells_cap2_06-600x513.webp 600w, https:\/\/latorredelcodina.com\/wp-content\/uploads\/La-Torre-del-Codina-Ocells_cap2_06-768x657.webp 768w, https:\/\/latorredelcodina.com\/wp-content\/uploads\/La-Torre-del-Codina-Ocells_cap2_06.webp 800w\" sizes=\"auto, (max-width: 600px) 100vw, 600px\" \/><figcaption id=\"caption-attachment-2414\" class=\"wp-caption-text\">El xoriguer.<\/figcaption><\/figure>\n<p>El temps entre que els recollim del\u00a0<strong><a href=\"http:\/\/mediambient.gencat.cat\/ca\/05_ambits_dactuacio\/patrimoni_natural\/fauna-autoctona-protegida\/centres-fauna-salvatge-animals-ferits\/centres-recuperacio-departament\/centre-fauna-vallcalent\/\" target=\"_blank\" rel=\"noopener\">Centre de Vallcalent<\/a><\/strong>\u00a0fins quan comencen a volar, \u00e9s molt curt. L\u2019any 2018 vam recollir quatre xoriguers el dia 25 de maig i el 7-8 de juny ja volaven tots, excepte un que es va quedar al niu un parell de dies m\u00e9s. Amb tot,\u00a0<strong>durant 15 dies segueixen sojornant al mateix niu<\/strong>\u00a0fins que ja deixen de venir a menjar i no tornen al niu.<\/p>\n<figure id=\"attachment_2418\" aria-describedby=\"caption-attachment-2418\" style=\"width: 535px\" class=\"wp-caption alignnone\"><img loading=\"lazy\" decoding=\"async\" class=\"size-medium wp-image-2418\" src=\"https:\/\/latorredelcodina.com\/wp-content\/uploads\/La-Torre-del-Codina-Ocells_cap2_07-535x600.webp\" alt=\"El xoriguer.\" width=\"535\" height=\"600\" srcset=\"https:\/\/latorredelcodina.com\/wp-content\/uploads\/La-Torre-del-Codina-Ocells_cap2_07-535x600.webp 535w, https:\/\/latorredelcodina.com\/wp-content\/uploads\/La-Torre-del-Codina-Ocells_cap2_07-600x673.webp 600w, https:\/\/latorredelcodina.com\/wp-content\/uploads\/La-Torre-del-Codina-Ocells_cap2_07.webp 713w\" sizes=\"auto, (max-width: 535px) 100vw, 535px\" \/><figcaption id=\"caption-attachment-2418\" class=\"wp-caption-text\">El xoriguer.<\/figcaption><\/figure>\n<p>El hacking de xoriguer ha estat per nosaltres\u00a0<strong>una experi\u00e8ncia emocionant<\/strong>, i ha creat un vincle afectiu de la Torre del Codina, amb aquestes nobles i belles aus rapinyaires.<\/p>\n<figure id=\"attachment_2422\" aria-describedby=\"caption-attachment-2422\" style=\"width: 600px\" class=\"wp-caption alignnone\"><img loading=\"lazy\" decoding=\"async\" class=\"size-medium wp-image-2422\" src=\"https:\/\/latorredelcodina.com\/wp-content\/uploads\/La-Torre-del-Codina-Ocells_cap2_08-600x398.webp\" alt=\"El xoriguer.\" width=\"600\" height=\"398\" srcset=\"https:\/\/latorredelcodina.com\/wp-content\/uploads\/La-Torre-del-Codina-Ocells_cap2_08-600x398.webp 600w, https:\/\/latorredelcodina.com\/wp-content\/uploads\/La-Torre-del-Codina-Ocells_cap2_08-768x510.webp 768w, https:\/\/latorredelcodina.com\/wp-content\/uploads\/La-Torre-del-Codina-Ocells_cap2_08.webp 800w\" sizes=\"auto, (max-width: 600px) 100vw, 600px\" \/><figcaption id=\"caption-attachment-2422\" class=\"wp-caption-text\">El xoriguer.<\/figcaption><\/figure>\n<p><em>Jaume Ramon Sol\u00e9.<\/em><\/p>\n<p>Cr\u00e8dits: Imatges propietat de Jaume Ramon Sol\u00e9 \u2013 La Torre del Codina.<\/p>\n","protected":false},"excerpt":{"rendered":"<p>El xoriguer o soriguer,\u00a0Falco tinnunculus\u00a0de la fam\u00edlia dels\u00a0Falc\u00f2nids,\u00a0\u00e9s una au rapinyare di\u00fcrna. \u00c9s lleugera i de dimensions redu\u00efdes\u00a0que li permet volar amb una gran agilitat. El mascle, t\u00e9 el cap de color grisenc i per sobre \u00e9s d\u2019un color marron\u00f3s amb unes taques negres caracter\u00edstiques. La femella \u00e9s mes rogenca i tota tacada per tot [&hellip;]<\/p>\n","protected":false},"author":3,"featured_media":2406,"comment_status":"closed","ping_status":"closed","sticky":false,"template":"","format":"standard","meta":{"_acf_changed":false,"footnotes":""},"categories":[41],"tags":[],"class_list":["post-2397","post","type-post","status-publish","format-standard","has-post-thumbnail","hentry","category-blog-sostenibilitat-rural"],"acf":[],"_links":{"self":[{"href":"https:\/\/latorredelcodina.com\/en\/wp-json\/wp\/v2\/posts\/2397","targetHints":{"allow":["GET"]}}],"collection":[{"href":"https:\/\/latorredelcodina.com\/en\/wp-json\/wp\/v2\/posts"}],"about":[{"href":"https:\/\/latorredelcodina.com\/en\/wp-json\/wp\/v2\/types\/post"}],"author":[{"embeddable":true,"href":"https:\/\/latorredelcodina.com\/en\/wp-json\/wp\/v2\/users\/3"}],"replies":[{"embeddable":true,"href":"https:\/\/latorredelcodina.com\/en\/wp-json\/wp\/v2\/comments?post=2397"}],"version-history":[{"count":1,"href":"https:\/\/latorredelcodina.com\/en\/wp-json\/wp\/v2\/posts\/2397\/revisions"}],"predecessor-version":[{"id":2426,"href":"https:\/\/latorredelcodina.com\/en\/wp-json\/wp\/v2\/posts\/2397\/revisions\/2426"}],"wp:featuredmedia":[{"embeddable":true,"href":"https:\/\/latorredelcodina.com\/en\/wp-json\/wp\/v2\/media\/2406"}],"wp:attachment":[{"href":"https:\/\/latorredelcodina.com\/en\/wp-json\/wp\/v2\/media?parent=2397"}],"wp:term":[{"taxonomy":"category","embeddable":true,"href":"https:\/\/latorredelcodina.com\/en\/wp-json\/wp\/v2\/categories?post=2397"},{"taxonomy":"post_tag","embeddable":true,"href":"https:\/\/latorredelcodina.com\/en\/wp-json\/wp\/v2\/tags?post=2397"}],"curies":[{"name":"wp","href":"https:\/\/api.w.org\/{rel}","templated":true}]}}