{"id":2465,"date":"2024-12-19T21:45:10","date_gmt":"2024-12-19T19:45:10","guid":{"rendered":"https:\/\/latorredelcodina.com\/?p=2465"},"modified":"2024-12-19T21:45:10","modified_gmt":"2024-12-19T19:45:10","slug":"els-ocells-de-la-torre-del-codina-capitol-4-el-pardal","status":"publish","type":"post","link":"https:\/\/latorredelcodina.com\/es\/els-ocells-de-la-torre-del-codina-capitol-4-el-pardal\/","title":{"rendered":"Els ocells de la Torre del Codina, Cap\u00edtol 4: El pardal"},"content":{"rendered":"<figure id=\"attachment_2466\" aria-describedby=\"caption-attachment-2466\" style=\"width: 600px\" class=\"wp-caption alignnone\"><img loading=\"lazy\" decoding=\"async\" class=\"size-medium wp-image-2466\" src=\"https:\/\/latorredelcodina.com\/wp-content\/uploads\/La-Torre-del-Codina-Ocells_cap4_02-600x484.webp\" alt=\"Pardals.\" width=\"600\" height=\"484\" srcset=\"https:\/\/latorredelcodina.com\/wp-content\/uploads\/La-Torre-del-Codina-Ocells_cap4_02-600x484.webp 600w, https:\/\/latorredelcodina.com\/wp-content\/uploads\/La-Torre-del-Codina-Ocells_cap4_02-768x619.webp 768w, https:\/\/latorredelcodina.com\/wp-content\/uploads\/La-Torre-del-Codina-Ocells_cap4_02.webp 800w\" sizes=\"auto, (max-width: 600px) 100vw, 600px\" \/><figcaption id=\"caption-attachment-2466\" class=\"wp-caption-text\">Pardals.<\/figcaption><\/figure>\n<p>Fa quaranta anys, les tardes i els vespres de les acaballes de l\u2019estiu al\u00a0<strong>Pati de T\u00e0rrega, era un terrabastall de pardals cantant des de les branques dels plataners<\/strong>\u00a0que, amb el seu so xerraire i estrident, oferien un espectacle \u00fanic de natura i de vida.<\/p>\n<figure id=\"attachment_2470\" aria-describedby=\"caption-attachment-2470\" style=\"width: 600px\" class=\"wp-caption alignnone\"><img loading=\"lazy\" decoding=\"async\" class=\"size-medium wp-image-2470\" src=\"https:\/\/latorredelcodina.com\/wp-content\/uploads\/La-Torre-del-Codina-Ocells_cap4_03-600x537.webp\" alt=\"Pardalet.\" width=\"600\" height=\"537\" srcset=\"https:\/\/latorredelcodina.com\/wp-content\/uploads\/La-Torre-del-Codina-Ocells_cap4_03-600x537.webp 600w, https:\/\/latorredelcodina.com\/wp-content\/uploads\/La-Torre-del-Codina-Ocells_cap4_03-768x687.webp 768w, https:\/\/latorredelcodina.com\/wp-content\/uploads\/La-Torre-del-Codina-Ocells_cap4_03.webp 800w\" sizes=\"auto, (max-width: 600px) 100vw, 600px\" \/><figcaption id=\"caption-attachment-2470\" class=\"wp-caption-text\">Pardalet.<\/figcaption><\/figure>\n<p>El\u00a0<strong>poeta Josep Carner<\/strong>\u00a0aix\u00ed ens el cantava en el seu\u00a0<strong>\u201cBestiari\u201d<\/strong>:<\/p>\n<p>&nbsp;<\/p>\n<p><strong>El pardal<\/strong><\/p>\n<p>&nbsp;<\/p>\n<p>Ocell alegre i gosat<br \/>\nde plomatge bru, clapat,<br \/>\nm\u00e9s xerraire cada dia,<br \/>\njamai poruc ni mesell,<br \/>\nets dels infants alegria<br \/>\ni lleu recan\u00e7a del vell.<\/p>\n<p>Pel passeig, pels carrerons,<br \/>\noh tafaner de naixen\u00e7a,<br \/>\nsempre ton goig recomen\u00e7a<br \/>\ni no oblides ni els racons.<\/p>\n<p>Veus la que el teu cor adora?<br \/>\nEn aquell moment, \u00e9s clar!,<br \/>\nsedu\u00eft ens vol deixar.<br \/>\nI, a penes et veu volar,<br \/>\nla branca d\u2019arbre t\u2019enyora.<\/p>\n<p>&nbsp;<\/p>\n<p><strong>JOSEP CARNER<\/strong><\/p>\n<p><em>Bestiari, 1964<\/em><\/p>\n<figure id=\"attachment_2474\" aria-describedby=\"caption-attachment-2474\" style=\"width: 600px\" class=\"wp-caption alignnone\"><img loading=\"lazy\" decoding=\"async\" class=\"size-medium wp-image-2474\" src=\"https:\/\/latorredelcodina.com\/wp-content\/uploads\/La-Torre-del-Codina-Ocells_cap4_04-600x479.webp\" alt=\"Cria de pardal.\" width=\"600\" height=\"479\" srcset=\"https:\/\/latorredelcodina.com\/wp-content\/uploads\/La-Torre-del-Codina-Ocells_cap4_04-600x479.webp 600w, https:\/\/latorredelcodina.com\/wp-content\/uploads\/La-Torre-del-Codina-Ocells_cap4_04-768x612.webp 768w, https:\/\/latorredelcodina.com\/wp-content\/uploads\/La-Torre-del-Codina-Ocells_cap4_04.webp 800w\" sizes=\"auto, (max-width: 600px) 100vw, 600px\" \/><figcaption id=\"caption-attachment-2474\" class=\"wp-caption-text\">Cria de pardal.<\/figcaption><\/figure>\n<p>Avui\u00a0<strong>l\u2019experi\u00e8ncia sorollosa dels pardals a punt de joca<\/strong>, ja no \u00e9s com la de de llavors.\u00a0<strong>La poblaci\u00f3 de pardals<\/strong>\u00a0a casa nostra, i arreu del m\u00f3n,\u00a0<strong>ha disminu\u00eft de manera dr\u00e0stica<\/strong>, amb una clara tend\u00e8ncia a la baixa. En els darrers deu anys,\u00a0<strong>l\u2019estat espanyol ha perdut m\u00e9s del 20% de la poblaci\u00f3 de pardals<\/strong>, uns 30 milions d\u2019exemplars. A Londres, Brussel\u00b7les o Hamburg han desaparegut, i a Par\u00eds, Berlin o Praga se\u2019n veuen molt pocs.\u00a0<a href=\"https:\/\/www.seo.org\/sacre\/\" target=\"_blank\" rel=\"noopener\">(Programa SACRE de seguiment d\u2019Aus Comunes a la Primavera de SEO\/Birdlife).<\/a><\/p>\n<figure id=\"attachment_2478\" aria-describedby=\"caption-attachment-2478\" style=\"width: 600px\" class=\"wp-caption alignnone\"><img loading=\"lazy\" decoding=\"async\" class=\"size-medium wp-image-2478\" src=\"https:\/\/latorredelcodina.com\/wp-content\/uploads\/La-Torre-del-Codina-Ocells_cap4_05-600x398.webp\" alt=\"Conjunt de pardals mascles.\" width=\"600\" height=\"398\" srcset=\"https:\/\/latorredelcodina.com\/wp-content\/uploads\/La-Torre-del-Codina-Ocells_cap4_05-600x398.webp 600w, https:\/\/latorredelcodina.com\/wp-content\/uploads\/La-Torre-del-Codina-Ocells_cap4_05-768x510.webp 768w, https:\/\/latorredelcodina.com\/wp-content\/uploads\/La-Torre-del-Codina-Ocells_cap4_05.webp 800w\" sizes=\"auto, (max-width: 600px) 100vw, 600px\" \/><figcaption id=\"caption-attachment-2478\" class=\"wp-caption-text\">Conjunt de pardals mascles.<\/figcaption><\/figure>\n<p><strong>El pardal com\u00fa \u00e9s un ocell indissociable a l\u2019\u00e9sser hum\u00e0.<\/strong>\u00a0Quan no hi havia ciutats, no hi havia pardals. La dr\u00e0stica desaparici\u00f3 dels pardals, podria ser un altre av\u00eds de la natura sobre la mala qualitat ambiental dels nostres pobles i ciutats. \u00c9s cert que les esp\u00e8cies invasores poden influir en la seva regressi\u00f3, per\u00f2 tamb\u00e9 els afecta negativament\u00a0<strong>la proliferaci\u00f3 dels tractaments indiscriminats de plaguicides i herbicides a les zones verdes i en l\u2019entorn agrari<\/strong>\u00a0on els humans, posse\u00efts absurdament per la voluntat d\u2019extinci\u00f3 de la biodiversitat, fem desapar\u00e8ixer qualsevol resta d\u2019herba o d\u2019arbustos, les llavors de les quals son la seva principal font d\u2019alimentaci\u00f3.<\/p>\n<figure id=\"attachment_2482\" aria-describedby=\"caption-attachment-2482\" style=\"width: 600px\" class=\"wp-caption alignnone\"><img loading=\"lazy\" decoding=\"async\" class=\"size-medium wp-image-2482\" src=\"https:\/\/latorredelcodina.com\/wp-content\/uploads\/La-Torre-del-Codina-Ocells_cap4_06-600x434.webp\" alt=\"Pardal.\" width=\"600\" height=\"434\" srcset=\"https:\/\/latorredelcodina.com\/wp-content\/uploads\/La-Torre-del-Codina-Ocells_cap4_06-600x434.webp 600w, https:\/\/latorredelcodina.com\/wp-content\/uploads\/La-Torre-del-Codina-Ocells_cap4_06-768x555.webp 768w, https:\/\/latorredelcodina.com\/wp-content\/uploads\/La-Torre-del-Codina-Ocells_cap4_06.webp 800w\" sizes=\"auto, (max-width: 600px) 100vw, 600px\" \/><figcaption id=\"caption-attachment-2482\" class=\"wp-caption-text\">Pardal.<\/figcaption><\/figure>\n<p>Una altra de les causes del descens de la poblaci\u00f3 dels pardals, podria ser causada per\u00a0<strong>la radiaci\u00f3 electromagn\u00e8tica de les antenes de telefonia m\u00f2bil.<\/strong>\u00a0S\u2019han fet estudis cient\u00edfics que avalen aquesta causa per l\u2019afectaci\u00f3 de la radiaci\u00f3 als insectes, a l\u2019ADN i al sistema immunitari.<\/p>\n<figure id=\"attachment_2486\" aria-describedby=\"caption-attachment-2486\" style=\"width: 600px\" class=\"wp-caption alignnone\"><img loading=\"lazy\" decoding=\"async\" class=\"size-medium wp-image-2486\" src=\"https:\/\/latorredelcodina.com\/wp-content\/uploads\/La-Torre-del-Codina-Ocells_cap4_07-600x391.webp\" alt=\"Pardal dalt de la teulada.\" width=\"600\" height=\"391\" srcset=\"https:\/\/latorredelcodina.com\/wp-content\/uploads\/La-Torre-del-Codina-Ocells_cap4_07-600x391.webp 600w, https:\/\/latorredelcodina.com\/wp-content\/uploads\/La-Torre-del-Codina-Ocells_cap4_07-768x500.webp 768w, https:\/\/latorredelcodina.com\/wp-content\/uploads\/La-Torre-del-Codina-Ocells_cap4_07.webp 800w\" sizes=\"auto, (max-width: 600px) 100vw, 600px\" \/><figcaption id=\"caption-attachment-2486\" class=\"wp-caption-text\">Pardal dalt de la teulada.<\/figcaption><\/figure>\n<p>La desaparici\u00f3 dels\u00a0<strong>punts tradicionals de cria de les teulades de teula<\/strong>, als forats de fa\u00e7anes, a les construccions rurals, etc\u2026 tamb\u00e9 influeix en la seva regressi\u00f3. Un clar exemple d\u2019aix\u00f2 el trobem a\u00a0<strong>la Torre del Codina<\/strong>. En el moment de la seva rehabilitaci\u00f3, amb l\u2019arquitecta Maria \u00c0ngels Espar vam decidir executar\u00a0<strong>una teulada oberta, en la que els ocells poguessin fer els nius als espais de sota les teules.<\/strong>\u00a0L\u2019adaptaci\u00f3 de la construcci\u00f3 a l\u2019h\u00e0bitat preferit del pardals\u00a0<strong>ha resultat ser un \u00e8xit.<\/strong><\/p>\n<figure id=\"attachment_2490\" aria-describedby=\"caption-attachment-2490\" style=\"width: 600px\" class=\"wp-caption alignnone\"><img loading=\"lazy\" decoding=\"async\" class=\"size-medium wp-image-2490\" src=\"https:\/\/latorredelcodina.com\/wp-content\/uploads\/La-Torre-del-Codina-Ocells_cap4_08-600x398.webp\" alt=\"Pardal.\" width=\"600\" height=\"398\" srcset=\"https:\/\/latorredelcodina.com\/wp-content\/uploads\/La-Torre-del-Codina-Ocells_cap4_08-600x398.webp 600w, https:\/\/latorredelcodina.com\/wp-content\/uploads\/La-Torre-del-Codina-Ocells_cap4_08-768x510.webp 768w, https:\/\/latorredelcodina.com\/wp-content\/uploads\/La-Torre-del-Codina-Ocells_cap4_08.webp 800w\" sizes=\"auto, (max-width: 600px) 100vw, 600px\" \/><figcaption id=\"caption-attachment-2490\" class=\"wp-caption-text\">Pardal.<\/figcaption><\/figure>\n<p><strong>Les teulades de la Torre del Codina<\/strong>\u00a0son tot l\u2019any,\u00a0<strong>refugi i lloc de cria de centenars de pardals que piulen, canten i juguen per les seves cobertes.<\/strong>\u00a0El pardal com\u00fa, \u00e9s l\u2019habitant principal de la Torre del Codina, per la seva pres\u00e8ncia constant durant l\u2019any, com pel nombre d\u2019exemplars que transiten i s\u2019alimenten dins i fora de la casa.<\/p>\n<figure id=\"attachment_2494\" aria-describedby=\"caption-attachment-2494\" style=\"width: 600px\" class=\"wp-caption alignnone\"><img loading=\"lazy\" decoding=\"async\" class=\"size-medium wp-image-2494\" src=\"https:\/\/latorredelcodina.com\/wp-content\/uploads\/La-Torre-del-Codina-Ocells_cap4_09-600x398.webp\" alt=\"Pardal femella.\" width=\"600\" height=\"398\" srcset=\"https:\/\/latorredelcodina.com\/wp-content\/uploads\/La-Torre-del-Codina-Ocells_cap4_09-600x398.webp 600w, https:\/\/latorredelcodina.com\/wp-content\/uploads\/La-Torre-del-Codina-Ocells_cap4_09-768x510.webp 768w, https:\/\/latorredelcodina.com\/wp-content\/uploads\/La-Torre-del-Codina-Ocells_cap4_09.webp 800w\" sizes=\"auto, (max-width: 600px) 100vw, 600px\" \/><figcaption id=\"caption-attachment-2494\" class=\"wp-caption-text\">Pardal femella.<\/figcaption><\/figure>\n<p>El pardal com\u00fa (Passer domesticus) de la fam\u00edlia dels \u201cpasseridae\u201d \u00e9s un petit ocell d\u2019uns\u00a0<strong>15 cm de llarg<\/strong>\u00a0que el podem trobar arreu del m\u00f3n. El seu\u00a0<strong>caminar a saltirons \u00e9s caracter\u00edstic<\/strong>\u00a0de la seva esp\u00e8cie. B\u00e0sicament s\u2019alimenta de grans i tamb\u00e9 de les deixalles que els humans deixem al seu abast. Presenta una important difer\u00e8ncia entre sexes. El\u00a0<strong>mascle<\/strong>\u00a0\u00e9s molt m\u00e9s vist\u00f3s amb\u00a0<strong>taques negres al pit i unes ales d\u2019un castany intens<\/strong>, amb franges blanques. La\u00a0<strong>femella<\/strong>\u00a0no \u00e9s tan vistosa i \u00e9s tota de\u00a0<strong>color terr\u00f2s grisenc i el pit m\u00e9s clar<\/strong>\u00a0que el del mascle.<\/p>\n<figure id=\"attachment_2498\" aria-describedby=\"caption-attachment-2498\" style=\"width: 600px\" class=\"wp-caption alignnone\"><img loading=\"lazy\" decoding=\"async\" class=\"size-medium wp-image-2498\" src=\"https:\/\/latorredelcodina.com\/wp-content\/uploads\/La-Torre-del-Codina-Ocells_cap4_10-600x412.webp\" alt=\"Pardal mascle.\" width=\"600\" height=\"412\" srcset=\"https:\/\/latorredelcodina.com\/wp-content\/uploads\/La-Torre-del-Codina-Ocells_cap4_10-600x412.webp 600w, https:\/\/latorredelcodina.com\/wp-content\/uploads\/La-Torre-del-Codina-Ocells_cap4_10-768x527.webp 768w, https:\/\/latorredelcodina.com\/wp-content\/uploads\/La-Torre-del-Codina-Ocells_cap4_10.webp 800w\" sizes=\"auto, (max-width: 600px) 100vw, 600px\" \/><figcaption id=\"caption-attachment-2498\" class=\"wp-caption-text\">Pardal mascle.<\/figcaption><\/figure>\n<p>En alguns indrets del domini ling\u00fc\u00edstic del catal\u00e0 s\u2019ha donat l\u2019accepci\u00f3 de pardal al conjunt d\u2019ocells i d\u2019aus. Aquest seria el cas del<strong>\u00a0\u201cPardal de Sant Joan\u201d<\/strong>\u00a0de l\u2019Esgl\u00e9sia dels Sants Joan de la ciutat de\u00a0<strong>Val\u00e8ncia<\/strong>\u00a0que aix\u00ed designa a l\u2019\u00e0guila de l\u2019evangelista.<\/p>\n<figure id=\"attachment_2502\" aria-describedby=\"caption-attachment-2502\" style=\"width: 583px\" class=\"wp-caption alignnone\"><img loading=\"lazy\" decoding=\"async\" class=\"size-medium wp-image-2502\" src=\"https:\/\/latorredelcodina.com\/wp-content\/uploads\/La-Torre-del-Codina-Ocells_cap4_11-583x600.webp\" alt=\"Pardal de Sant Joan, Vale\u0300ncia.\" width=\"583\" height=\"600\" srcset=\"https:\/\/latorredelcodina.com\/wp-content\/uploads\/La-Torre-del-Codina-Ocells_cap4_11-583x600.webp 583w, https:\/\/latorredelcodina.com\/wp-content\/uploads\/La-Torre-del-Codina-Ocells_cap4_11-768x791.webp 768w, https:\/\/latorredelcodina.com\/wp-content\/uploads\/La-Torre-del-Codina-Ocells_cap4_11-600x618.webp 600w, https:\/\/latorredelcodina.com\/wp-content\/uploads\/La-Torre-del-Codina-Ocells_cap4_11.webp 777w\" sizes=\"auto, (max-width: 583px) 100vw, 583px\" \/><figcaption id=\"caption-attachment-2502\" class=\"wp-caption-text\">Pardal de Sant Joan, Vale\u0300ncia.<\/figcaption><\/figure>\n<p>En la nostra llengua diem que quan alg\u00fa\u00a0<strong>\u201ct\u00e9 el cap ple de pardals\u201d<\/strong>\u00a0o que\u00a0<strong>\u201cest\u00e0 empardalat\u201d<\/strong>, \u00e9s que s\u2019encanta o perd el sentit de la realitat. El significat obsc\u00e8 del pardal mascul\u00ed el trobem en dites populars com: \u201cLa figa, per ser bona ha de tenir tres senyals: clivellada, secallona i menjada pel pardal.\u201d<\/p>\n<figure id=\"attachment_2506\" aria-describedby=\"caption-attachment-2506\" style=\"width: 525px\" class=\"wp-caption alignnone\"><img loading=\"lazy\" decoding=\"async\" class=\"size-medium wp-image-2506\" src=\"https:\/\/latorredelcodina.com\/wp-content\/uploads\/La-Torre-del-Codina-Ocells_cap4_12-525x600.webp\" alt=\"Cria de Pardal.\" width=\"525\" height=\"600\" srcset=\"https:\/\/latorredelcodina.com\/wp-content\/uploads\/La-Torre-del-Codina-Ocells_cap4_12-525x600.webp 525w, https:\/\/latorredelcodina.com\/wp-content\/uploads\/La-Torre-del-Codina-Ocells_cap4_12-600x686.webp 600w, https:\/\/latorredelcodina.com\/wp-content\/uploads\/La-Torre-del-Codina-Ocells_cap4_12.webp 700w\" sizes=\"auto, (max-width: 525px) 100vw, 525px\" \/><figcaption id=\"caption-attachment-2506\" class=\"wp-caption-text\">Cria de Pardal.<\/figcaption><\/figure>\n<p>No vol\u00edem acabar aquest escrit sense fer refer\u00e8ncia a la\u00a0<strong>Fundaci\u00f3 Privada Guillem Viladot, anomenada \u201cLo Pardal\u201d<\/strong>. Un espai dedicat a la\u00a0<strong>Poesia Visual i a l\u2019Art<\/strong>\u00a0que podem visitar a la vila ve\u00efna d\u2019<strong>Agramunt<\/strong>:\u00a0<a href=\"http:\/\/www.lopardal.com\/lopardal.php\" target=\"_blank\" rel=\"noopener\">http:\/\/www.lopardal.com\/lopardal.php<\/a><\/p>\n<figure id=\"attachment_4743\" class=\"wp-caption alignnone\" aria-describedby=\"caption-attachment-4743\">\n<p><figure id=\"attachment_2510\" aria-describedby=\"caption-attachment-2510\" style=\"width: 600px\" class=\"wp-caption alignnone\"><img loading=\"lazy\" decoding=\"async\" class=\"size-medium wp-image-2510\" src=\"https:\/\/latorredelcodina.com\/wp-content\/uploads\/La-Torre-del-Codina-Ocells_cap4_13-600x452.webp\" alt=\"Pardal.\" width=\"600\" height=\"452\" srcset=\"https:\/\/latorredelcodina.com\/wp-content\/uploads\/La-Torre-del-Codina-Ocells_cap4_13-600x452.webp 600w, https:\/\/latorredelcodina.com\/wp-content\/uploads\/La-Torre-del-Codina-Ocells_cap4_13-768x579.webp 768w, https:\/\/latorredelcodina.com\/wp-content\/uploads\/La-Torre-del-Codina-Ocells_cap4_13.webp 800w\" sizes=\"auto, (max-width: 600px) 100vw, 600px\" \/><figcaption id=\"caption-attachment-2510\" class=\"wp-caption-text\">Pardal.<\/figcaption><\/figure><\/figure>\n<figure id=\"attachment_2514\" aria-describedby=\"caption-attachment-2514\" style=\"width: 600px\" class=\"wp-caption alignnone\"><img loading=\"lazy\" decoding=\"async\" class=\"size-medium wp-image-2514\" src=\"https:\/\/latorredelcodina.com\/wp-content\/uploads\/La-Torre-del-Codina-Ocells_cap4_14-600x470.webp\" alt=\"Pardal.\" width=\"600\" height=\"470\" srcset=\"https:\/\/latorredelcodina.com\/wp-content\/uploads\/La-Torre-del-Codina-Ocells_cap4_14-600x470.webp 600w, https:\/\/latorredelcodina.com\/wp-content\/uploads\/La-Torre-del-Codina-Ocells_cap4_14-768x602.webp 768w, https:\/\/latorredelcodina.com\/wp-content\/uploads\/La-Torre-del-Codina-Ocells_cap4_14.webp 800w\" sizes=\"auto, (max-width: 600px) 100vw, 600px\" \/><figcaption id=\"caption-attachment-2514\" class=\"wp-caption-text\">Pardal.<\/figcaption><\/figure>\n<p><em>Jaume Ram\u00f3n Sol\u00e9.<\/em><\/p>\n<p>Cr\u00e8dits: Imatges propietat de Jaume Ramon Sol\u00e9 \u2013 La Torre del Codina.<\/p>\n","protected":false},"excerpt":{"rendered":"<p>Fa quaranta anys, les tardes i els vespres de les acaballes de l\u2019estiu al\u00a0Pati de T\u00e0rrega, era un terrabastall de pardals cantant des de les branques dels plataners\u00a0que, amb el seu so xerraire i estrident, oferien un espectacle \u00fanic de natura i de vida. El\u00a0poeta Josep Carner\u00a0aix\u00ed ens el cantava en el seu\u00a0\u201cBestiari\u201d: &nbsp; El [&hellip;]<\/p>\n","protected":false},"author":3,"featured_media":2498,"comment_status":"closed","ping_status":"closed","sticky":false,"template":"","format":"standard","meta":{"_acf_changed":false,"footnotes":""},"categories":[41],"tags":[],"class_list":["post-2465","post","type-post","status-publish","format-standard","has-post-thumbnail","hentry","category-blog-sostenibilitat-rural"],"acf":[],"_links":{"self":[{"href":"https:\/\/latorredelcodina.com\/es\/wp-json\/wp\/v2\/posts\/2465","targetHints":{"allow":["GET"]}}],"collection":[{"href":"https:\/\/latorredelcodina.com\/es\/wp-json\/wp\/v2\/posts"}],"about":[{"href":"https:\/\/latorredelcodina.com\/es\/wp-json\/wp\/v2\/types\/post"}],"author":[{"embeddable":true,"href":"https:\/\/latorredelcodina.com\/es\/wp-json\/wp\/v2\/users\/3"}],"replies":[{"embeddable":true,"href":"https:\/\/latorredelcodina.com\/es\/wp-json\/wp\/v2\/comments?post=2465"}],"version-history":[{"count":1,"href":"https:\/\/latorredelcodina.com\/es\/wp-json\/wp\/v2\/posts\/2465\/revisions"}],"predecessor-version":[{"id":2518,"href":"https:\/\/latorredelcodina.com\/es\/wp-json\/wp\/v2\/posts\/2465\/revisions\/2518"}],"wp:featuredmedia":[{"embeddable":true,"href":"https:\/\/latorredelcodina.com\/es\/wp-json\/wp\/v2\/media\/2498"}],"wp:attachment":[{"href":"https:\/\/latorredelcodina.com\/es\/wp-json\/wp\/v2\/media?parent=2465"}],"wp:term":[{"taxonomy":"category","embeddable":true,"href":"https:\/\/latorredelcodina.com\/es\/wp-json\/wp\/v2\/categories?post=2465"},{"taxonomy":"post_tag","embeddable":true,"href":"https:\/\/latorredelcodina.com\/es\/wp-json\/wp\/v2\/tags?post=2465"}],"curies":[{"name":"wp","href":"https:\/\/api.w.org\/{rel}","templated":true}]}}