{"id":2695,"date":"2024-12-20T00:03:18","date_gmt":"2024-12-19T22:03:18","guid":{"rendered":"https:\/\/latorredelcodina.com\/?p=2695"},"modified":"2024-12-20T00:03:18","modified_gmt":"2024-12-19T22:03:18","slug":"la-torre-del-codina-allotjament-biosphere-certified","status":"publish","type":"post","link":"https:\/\/latorredelcodina.com\/fr\/la-torre-del-codina-allotjament-biosphere-certified\/","title":{"rendered":"La Torre del Codina, allotjament \u201cBiosphere Certified\u201d"},"content":{"rendered":"<div class=\"elementor-element elementor-element-4628bec elementor-widget elementor-widget-text-editor\" data-id=\"4628bec\" data-element_type=\"widget\" data-widget_type=\"text-editor.default\">\n<div class=\"elementor-widget-container\">\n<p>La ONG internacional sense \u00e0nim de lucre, ITR (Institut de Turisme Responsable), ha certificat la \u201cTorre del Codina\u201d, com a allotjament de turisme responsable que compleix amb els est\u00e0ndards de certificaci\u00f3 Biosphere, d\u2019acord amb l\u2019Agenda 2030 de Desenvolupament Sostenible de Nacions Unides.<\/p>\n<p><img loading=\"lazy\" decoding=\"async\" class=\"size-medium wp-image-2696\" src=\"https:\/\/latorredelcodina.com\/wp-content\/uploads\/La-Torre-del-Codina-allotjament-Biosphere-Certif2-426x600.webp\" alt=\"La-Torre-del-Codina\" width=\"426\" height=\"600\" srcset=\"https:\/\/latorredelcodina.com\/wp-content\/uploads\/La-Torre-del-Codina-allotjament-Biosphere-Certif2-426x600.webp 426w, https:\/\/latorredelcodina.com\/wp-content\/uploads\/La-Torre-del-Codina-allotjament-Biosphere-Certif2.webp 528w\" sizes=\"auto, (max-width: 426px) 100vw, 426px\" \/><\/p>\n<p>L\u2019Agenda 2030 \u00e9s un pla d\u2019accions a favor de les persones, el planeta i la prosperitat, que t\u00e9 la intenci\u00f3 d\u2019afavorir la pau universal i l\u2019acc\u00e9s a la justicia, que es desplega mitjan\u00e7ant un sistema de 17 objectius de desenvolupament sostenible, com s\u00f3n la lluita contra la pobresa i el canvi clim\u00e0tic, l\u2019educaci\u00f3, la salut, la igualtat de g\u00e8nere, la pau o la biodiversitat. Cada Objectiu de Desenvolupament Sostenible, inclou diferents metes (en total 169) que contribueixen al compliment de l\u2019objectiu.<\/p>\n<figure id=\"attachment_2700\" aria-describedby=\"caption-attachment-2700\" style=\"width: 398px\" class=\"wp-caption alignnone\"><img loading=\"lazy\" decoding=\"async\" class=\"size-medium wp-image-2700\" src=\"https:\/\/latorredelcodina.com\/wp-content\/uploads\/La-Torre-del-Codina-allotjament-Biosphere-Certif-398x600.webp\" alt=\"Aerogenerador.\" width=\"398\" height=\"600\" srcset=\"https:\/\/latorredelcodina.com\/wp-content\/uploads\/La-Torre-del-Codina-allotjament-Biosphere-Certif-398x600.webp 398w, https:\/\/latorredelcodina.com\/wp-content\/uploads\/La-Torre-del-Codina-allotjament-Biosphere-Certif-600x904.webp 600w, https:\/\/latorredelcodina.com\/wp-content\/uploads\/La-Torre-del-Codina-allotjament-Biosphere-Certif.webp 680w\" sizes=\"auto, (max-width: 398px) 100vw, 398px\" \/><figcaption id=\"caption-attachment-2700\" class=\"wp-caption-text\">Aerogenerador.<\/figcaption><\/figure>\n<p>L\u2019aposta i el comprom\u00eds fundacional de la Torre del Codina per l\u2019agricultura ecol\u00f2gica, les energies alternatives, la sostenibilitat i la biodiversitat, aix\u00ed com per recuperar i divulgar els continguts etnol\u00f2gics i patrimonials de l\u2019entorn rural, i el comprom\u00eds permanent per la cultura, la mem\u00f2ria i el desenvolupament social, han estat cabdals a l\u2019hora d\u2019obtenir la certificaci\u00f3 \u201cBiosphere\u201d.<\/p>\n<figure id=\"attachment_2704\" aria-describedby=\"caption-attachment-2704\" style=\"width: 600px\" class=\"wp-caption alignnone\"><img loading=\"lazy\" decoding=\"async\" class=\"size-medium wp-image-2704\" src=\"https:\/\/latorredelcodina.com\/wp-content\/uploads\/La-Torre-del-Codina-allotjament-Biosphere-1-600x338.webp\" alt=\"Plaques solars i te\u0300rmiques.\" width=\"600\" height=\"338\" srcset=\"https:\/\/latorredelcodina.com\/wp-content\/uploads\/La-Torre-del-Codina-allotjament-Biosphere-1-600x338.webp 600w, https:\/\/latorredelcodina.com\/wp-content\/uploads\/La-Torre-del-Codina-allotjament-Biosphere-1-768x432.webp 768w, https:\/\/latorredelcodina.com\/wp-content\/uploads\/La-Torre-del-Codina-allotjament-Biosphere-1.webp 1024w\" sizes=\"auto, (max-width: 600px) 100vw, 600px\" \/><figcaption id=\"caption-attachment-2704\" class=\"wp-caption-text\">Plaques solars i te\u0300rmiques.<\/figcaption><\/figure>\n<blockquote><p><strong>La Torre del Codina:<\/strong><\/p>\n<ul>\n<li><a href=\"https:\/\/www.latorredelcodina.com\/wp-content\/uploads\/25272A016001310000QY.pdf\" target=\"_blank\" rel=\"noopener\">CERTIFICAT D\u2019EFICI\u00c8NCIA ENERG\u00c8TICA D\u2019EDIFICIS<\/a><\/li>\n<li><a href=\"https:\/\/www.latorredelcodina.com\/wp-content\/uploads\/etiqueta_389PDHTSS.pdf\" target=\"_blank\" rel=\"noopener\">QUALIFICACI\u00d3 ENERG\u00c8TICA DE L\u2019EDIFICI ACABAT<\/a><\/li>\n<li><a href=\"https:\/\/www.latorredelcodina.com\/wp-content\/uploads\/CHL00076422001.pdf\" target=\"_blank\" rel=\"noopener\">C\u00c8DULA D\u2019HABITABILITAT DE SEGONA OCUPACI\u00d3<\/a><\/li>\n<\/ul>\n<\/blockquote>\n<\/div>\n<\/div>\n<section class=\"elementor-section elementor-inner-section elementor-element elementor-element-8043d52 elementor-section-boxed elementor-section-height-default elementor-section-height-default\" data-id=\"8043d52\" data-element_type=\"section\">\n<div class=\"elementor-container elementor-column-gap-default\">\n<div class=\"elementor-column elementor-col-50 elementor-inner-column elementor-element elementor-element-b6144e9\" data-id=\"b6144e9\" data-element_type=\"column\">\n<div class=\"elementor-widget-wrap elementor-element-populated\"><\/div>\n<\/div>\n<div class=\"elementor-column elementor-col-50 elementor-inner-column elementor-element elementor-element-c89534d\" data-id=\"c89534d\" data-element_type=\"column\"><\/div>\n<\/div>\n<\/section>\n","protected":false},"excerpt":{"rendered":"<p>La ONG internacional sense \u00e0nim de lucre, ITR (Institut de Turisme Responsable), ha certificat la \u201cTorre del Codina\u201d, com a allotjament de turisme responsable que compleix amb els est\u00e0ndards de certificaci\u00f3 Biosphere, d\u2019acord amb l\u2019Agenda 2030 de Desenvolupament Sostenible de Nacions Unides. L\u2019Agenda 2030 \u00e9s un pla d\u2019accions a favor de les persones, el planeta [&hellip;]<\/p>\n","protected":false},"author":3,"featured_media":2704,"comment_status":"closed","ping_status":"closed","sticky":false,"template":"","format":"standard","meta":{"_acf_changed":false,"footnotes":""},"categories":[41],"tags":[],"class_list":["post-2695","post","type-post","status-publish","format-standard","has-post-thumbnail","hentry","category-blog-sostenibilitat-rural"],"acf":[],"_links":{"self":[{"href":"https:\/\/latorredelcodina.com\/fr\/wp-json\/wp\/v2\/posts\/2695","targetHints":{"allow":["GET"]}}],"collection":[{"href":"https:\/\/latorredelcodina.com\/fr\/wp-json\/wp\/v2\/posts"}],"about":[{"href":"https:\/\/latorredelcodina.com\/fr\/wp-json\/wp\/v2\/types\/post"}],"author":[{"embeddable":true,"href":"https:\/\/latorredelcodina.com\/fr\/wp-json\/wp\/v2\/users\/3"}],"replies":[{"embeddable":true,"href":"https:\/\/latorredelcodina.com\/fr\/wp-json\/wp\/v2\/comments?post=2695"}],"version-history":[{"count":1,"href":"https:\/\/latorredelcodina.com\/fr\/wp-json\/wp\/v2\/posts\/2695\/revisions"}],"predecessor-version":[{"id":2708,"href":"https:\/\/latorredelcodina.com\/fr\/wp-json\/wp\/v2\/posts\/2695\/revisions\/2708"}],"wp:featuredmedia":[{"embeddable":true,"href":"https:\/\/latorredelcodina.com\/fr\/wp-json\/wp\/v2\/media\/2704"}],"wp:attachment":[{"href":"https:\/\/latorredelcodina.com\/fr\/wp-json\/wp\/v2\/media?parent=2695"}],"wp:term":[{"taxonomy":"category","embeddable":true,"href":"https:\/\/latorredelcodina.com\/fr\/wp-json\/wp\/v2\/categories?post=2695"},{"taxonomy":"post_tag","embeddable":true,"href":"https:\/\/latorredelcodina.com\/fr\/wp-json\/wp\/v2\/tags?post=2695"}],"curies":[{"name":"wp","href":"https:\/\/api.w.org\/{rel}","templated":true}]}}